[{"@context":"https:\/\/schema.org\/","@type":"Article","@id":"https:\/\/www.nadett.cz\/kdy-je-narok-na-odskodneni\/#Article","mainEntityOfPage":"https:\/\/www.nadett.cz\/kdy-je-narok-na-odskodneni\/","headline":"Kdy je n\u00e1rok na od\u0161kodn\u011bn\u00ed?","name":"Kdy je n\u00e1rok na od\u0161kodn\u011bn\u00ed?","description":"Kdy\u017e si \u010dlov\u011bk koup\u00ed letenku, slibuj\u00edc\u00ed mu, \u017ee bude v c\u00edlov\u00e9 destinaci ten a ten den v tu a tu [&hellip;]","datePublished":"2019-09-13","dateModified":"2023-05-15","author":{"@type":"Person","@id":"https:\/\/www.nadett.cz\/author\/#Person","name":"","url":"https:\/\/www.nadett.cz\/author\/","identifier":1,"image":{"@type":"ImageObject","@id":"https:\/\/secure.gravatar.com\/avatar\/c0c0e488d5f88ebdb5e32a558e21f6df03f38644814b5677bcd67e16813bee55?s=96&d=mm&r=g","url":"https:\/\/secure.gravatar.com\/avatar\/c0c0e488d5f88ebdb5e32a558e21f6df03f38644814b5677bcd67e16813bee55?s=96&d=mm&r=g","height":96,"width":96}},"publisher":{"@type":"Organization","name":"nadett.cz","logo":{"@type":"ImageObject","@id":"\/logo.png","url":"\/logo.png","width":600,"height":60}},"image":{"@type":"ImageObject","@id":"https:\/\/www.nadett.cz\/wp-content\/uploads\/img_a350887_w1710_t1565705855.jpg","url":"https:\/\/www.nadett.cz\/wp-content\/uploads\/img_a350887_w1710_t1565705855.jpg","height":0,"width":0},"url":"https:\/\/www.nadett.cz\/kdy-je-narok-na-odskodneni\/","about":["Pen\u00edze"],"wordCount":471,"articleBody":"        Kdy\u017e si \u010dlov\u011bk koup\u00ed letenku, slibuj\u00edc\u00ed mu, \u017ee bude v c\u00edlov\u00e9 destinaci ten a ten den v tu a tu hodinu, \u010din\u00ed tak proto, \u017ee tam chce skute\u010dn\u011b b\u00fdt. Nebo t\u0159eba tak\u00e9 nechce, ale vysloven\u011b mus\u00ed. A pokud pak ve skute\u010dnosti v\u00edce ne\u017e zjevn\u011b nesouhlas\u00ed hodina a n\u011bkdy dokonce i den p\u0159\u00edletu, je to k vzteku. Ov\u0161em ke zpo\u017ed\u011bn\u00edm p\u0159esto doch\u00e1z\u00ed, a\u0165 se to n\u011bkomu l\u00edb\u00ed nebo (logicky v\u011bt\u0161inou) ne. A co takov\u00e9mu opo\u017ed\u011bn\u00e9mu letu n\u00e1sleduje? N\u011bkdy pouh\u00e9 sm\u00ed\u0159en\u00ed se s touto situac\u00ed. Proto\u017ee m\u016f\u017ee-li za to nep\u0159\u00edze\u0148 po\u010das\u00ed, p\u0159\u00edrodn\u00ed katastrofa, bezpe\u010dnostn\u00ed situace, st\u00e1vka zam\u011bstnanc\u016f t\u0159et\u00ed strany nebo omezen\u00ed letov\u00e9ho provozu, ned\u00e1 se s t\u00edm nic d\u011blat. Ov\u0161em n\u011bkdy tak\u00e9 vcelku l\u00edbiv\u00e9 finan\u010dn\u00ed od\u0161kodn\u011bn\u00ed. To v\u0161ak pochopiteln\u011b pouze v p\u0159\u00edpadech, kdy jsou dodr\u017eeny v\u0161echny n\u00e1le\u017eitosti. T\u0159eba ty uveden\u00e9 v evropsk\u00e9 regulaci EC 261\/2004. Jak tato regulace jednozna\u010dn\u011b stanovuje, mus\u00ed b\u00fdt pasa\u017e\u00e9r od\u0161kodn\u011bn v p\u0159\u00edpad\u011b, kdy: Je zpo\u017ed\u011bn\u00ed zavin\u011bno chybou dopravce. Toto dosahuje alespo\u0148 t\u00e9 nejni\u017e\u0161\u00ed pevn\u011b dan\u00e9 d\u00e9lky. A jde o let provozovan\u00fd aeroliniemi s\u00eddl\u00edc\u00edmi v Evropsk\u00e9 unii, \u0160v\u00fdcarsku, Norsku nebo na Islandu, ale p\u0159\u00edpadn\u011b i jin\u00fdmi, provozuj\u00edc\u00edmi sv\u016fj zpo\u017ed\u011bn\u00fd let v prostoru vymezen\u00e9m zm\u00edn\u011bn\u00fdmi st\u00e1ty nebo let z tohoto prostoru odl\u00e9taj\u00edc\u00ed. V t\u011bchto p\u0159\u00edpadech n\u00e1le\u017e\u00ed pasa\u017e\u00e9r\u016fm od\u0161kodn\u011bn\u00ed v podob\u011b finan\u010dn\u00ed kompenzace, je\u017e z\u00e1vis\u00ed na d\u00e9lce zpo\u017ed\u011bn\u00ed a vzd\u00e1lenosti po\u010d\u00e1te\u010dn\u00ed a kone\u010dn\u00e9 destinace toho kter\u00e9ho letu a je\u017e m\u016f\u017ee dos\u00e1hnout a\u017e \u0161esti set eur. N\u00e1rok na tyto pen\u00edze m\u00e1 ka\u017ed\u00fd z cestuj\u00edc\u00edch, kdo si o n\u011b po\u017e\u00e1d\u00e1. Ov\u0161em nejednou se jich jen tak nedo\u010dk\u00e1, a to proto, \u017ee se aerolini\u00edm nechce takto p\u0159ich\u00e1zet o pen\u00edze a tud\u00ed\u017e se tyto nejednou sna\u017e\u00ed placen\u00ed vyhnout. T\u0159eba v\u00fdmluvami na p\u0159\u00ed\u010diny zpo\u017ed\u011bn\u00ed, je\u017e nemohly ovlivnit, nebo zaryt\u00fdm ml\u010den\u00edm. A pak \u010dlov\u011bku p\u0159ijde vhod, kdo\u017e mu pomohou s vym\u00e1h\u00e1n\u00edm kompenzace za zpo\u017ed\u011bn\u00fd let, na tuto problematiku se specializuj\u00edc\u00ed pr\u00e1vn\u00edci. Kte\u0159\u00ed v\u011bd\u00ed, co a jak, a jsou tak vesm\u011bs \u00fasp\u011b\u0161n\u00ed. A nav\u00edc si nech\u00e1vaj\u00ed platit pouze provizi z po\u0161kozen\u00fdmi z\u00edskan\u00fdch pen\u011bz, tak\u017ee se na jejich slu\u017eb\u00e1ch ned\u00e1 prod\u011blat. A to je skv\u011bl\u00e9.                                                                                                                                                                                                                                                                                                                                                                                          4.2\/5 - (11 votes)        "},{"@context":"https:\/\/schema.org\/","@type":"BreadcrumbList","itemListElement":[{"@type":"ListItem","position":1,"name":"Kdy je n\u00e1rok na od\u0161kodn\u011bn\u00ed?","item":"https:\/\/www.nadett.cz\/kdy-je-narok-na-odskodneni\/#breadcrumbitem"}]}]