[{"@context":"https:\/\/schema.org\/","@type":"Article","@id":"https:\/\/www.nadett.cz\/kdyz-zmenite-priority\/#Article","mainEntityOfPage":"https:\/\/www.nadett.cz\/kdyz-zmenite-priority\/","headline":"Kdy\u017e zm\u011bn\u00edte priority","name":"Kdy\u017e zm\u011bn\u00edte priority","description":"V ml\u00e1d\u00ed m\u00e1 v\u011bt\u0161ina lid\u00ed velk\u00e9 ide\u00e1ly, maj\u00ed pocit, \u017ee maj\u00ed jasno ohledn\u011b toho, co je d\u016fle\u017eit\u00e9 a co se [&hellip;]","datePublished":"2023-06-27","dateModified":"2024-07-03","author":{"@type":"Person","@id":"https:\/\/www.nadett.cz\/author\/#Person","name":"","url":"https:\/\/www.nadett.cz\/author\/","identifier":1,"image":{"@type":"ImageObject","@id":"https:\/\/secure.gravatar.com\/avatar\/c0c0e488d5f88ebdb5e32a558e21f6df03f38644814b5677bcd67e16813bee55?s=96&d=mm&r=g","url":"https:\/\/secure.gravatar.com\/avatar\/c0c0e488d5f88ebdb5e32a558e21f6df03f38644814b5677bcd67e16813bee55?s=96&d=mm&r=g","height":96,"width":96}},"publisher":{"@type":"Organization","name":"nadett.cz","logo":{"@type":"ImageObject","@id":"\/logo.png","url":"\/logo.png","width":600,"height":60}},"url":"https:\/\/www.nadett.cz\/kdyz-zmenite-priority\/","wordCount":267,"articleBody":"V ml\u00e1d\u00ed m\u00e1 v\u011bt\u0161ina lid\u00ed velk\u00e9 ide\u00e1ly, maj\u00ed pocit, \u017ee maj\u00ed jasno ohledn\u011b toho, co je d\u016fle\u017eit\u00e9 a co se jim bude l\u00edbit po cel\u00fd \u017eivot. Jste p\u0159esv\u011bd\u010deni, \u017ee byste nikdy nevzali pr\u00e1ci, kde se nem\u016f\u017eete obl\u00e9kat podle sv\u00e9ho? Jste p\u0159esv\u011bd\u010deni, \u017ee sv\u00e9ho \u00fa\u010desu a t\u011blesn\u00fdch modifikac\u00ed se nikdy nevzd\u00e1te? S p\u0159ib\u00fdvaj\u00edc\u00edmi lety se ov\u0161em, a\u0165 se n\u00e1m to l\u00edb\u00ed \u010di ne, m\u011bn\u00ed na\u0161e priority. Mo\u017en\u00e1 p\u0159estanete lp\u011bt na \u010derven\u00e9m rozcuchu a n\u00e1u\u0161nici v nose. Toho se d\u00e1 i pom\u011brn\u011b snadno zbavit. Ale co kdy\u017e V\u00e1s zdob\u00ed i tetov\u00e1n\u00ed na n\u011bkter\u00e9m m\u00edst\u011b, kter\u00e9 se jen t\u011b\u017eko skr\u00fdv\u00e1?\tZm\u011b\u0148te, co zm\u011bnit lzeDost pravd\u011bpodobn\u011b se nejedn\u00e1 jen o zm\u011bnu priorit a vkusu. Je mo\u017en\u00e9, \u017ee Va\u0161e trval\u00e1 ozdoba V\u00e1s pon\u011bkud omezuje i p\u0159i hled\u00e1n\u00ed zam\u011bstn\u00e1n\u00ed. Nen\u00ed divn\u00e9, kdy\u017e jdete v l\u00e9t\u011b na pohovor v rol\u00e1ku? Zapome\u0148te na tato polovi\u010dat\u00e1 \u0159e\u0161en\u00ed a rozhodn\u011bte se pro odstran\u011bn\u00ed tetov\u00e1n\u00ed. Na na\u0161\u00ed klinice u\u017e\u00edv\u00e1me laser, kter\u00fd po n\u011bkolika sezen\u00edch dok\u00e1\u017ee s Va\u0161\u00ed k\u016f\u017e\u00ed skute\u010dn\u00e9 z\u00e1zraky. Va\u0161e poko\u017eka nebude poznamen\u00e1na jizvami ani nep\u011bkn\u00fdmi poz\u016fstatky z tohoto z\u00e1kroku, inkriminovan\u00e9 m\u00edsto jen st\u011b\u017e\u00ed najdete. Bezbolestn\u011b, \u010dist\u011b a modern\u011b. Tak to u n\u00e1s chod\u00ed.                                                                                                                                                                                                                                                                                                                                                                                        4.8\/5 - (5 votes)        "},{"@context":"https:\/\/schema.org\/","@type":"BreadcrumbList","itemListElement":[{"@type":"ListItem","position":1,"name":"Kdy\u017e zm\u011bn\u00edte priority","item":"https:\/\/www.nadett.cz\/kdyz-zmenite-priority\/#breadcrumbitem"}]}]