[{"@context":"https:\/\/schema.org\/","@type":"Article","@id":"https:\/\/www.nadett.cz\/krasny-stropni-ventilator\/#Article","mainEntityOfPage":"https:\/\/www.nadett.cz\/krasny-stropni-ventilator\/","headline":"Kr\u00e1sn\u00fd stropn\u00ed ventil\u00e1tor","name":"Kr\u00e1sn\u00fd stropn\u00ed ventil\u00e1tor","description":"Pat\u0159\u00edte mezi ty lidi, kte\u0159\u00ed se \u010dasto pot\u00ed? Nesn\u00e1\u0161\u00edte, kdy\u017e t\u0159eba v l\u00e9t\u011b sed\u00edte v ob\u00fdvac\u00edm pokoji a kouk\u00e1te se [&hellip;]","datePublished":"2025-01-05","dateModified":"2025-01-05","author":{"@type":"Person","@id":"https:\/\/www.nadett.cz\/author\/#Person","name":"","url":"https:\/\/www.nadett.cz\/author\/","identifier":1,"image":{"@type":"ImageObject","@id":"https:\/\/secure.gravatar.com\/avatar\/c0c0e488d5f88ebdb5e32a558e21f6df03f38644814b5677bcd67e16813bee55?s=96&d=mm&r=g","url":"https:\/\/secure.gravatar.com\/avatar\/c0c0e488d5f88ebdb5e32a558e21f6df03f38644814b5677bcd67e16813bee55?s=96&d=mm&r=g","height":96,"width":96}},"publisher":{"@type":"Organization","name":"nadett.cz","logo":{"@type":"ImageObject","@id":"\/logo.png","url":"\/logo.png","width":600,"height":60}},"url":"https:\/\/www.nadett.cz\/krasny-stropni-ventilator\/","wordCount":252,"articleBody":" Pat\u0159\u00edte mezi ty lidi, kte\u0159\u00ed se \u010dasto pot\u00ed? Nesn\u00e1\u0161\u00edte, kdy\u017e t\u0159eba v l\u00e9t\u011b sed\u00edte v ob\u00fdvac\u00edm pokoji a kouk\u00e1te se bu\u010f sami, nebo s n\u011bk\u00fdm na televizi a u toho se p\u0159\u00ed\u0161ern\u011b pot\u00edte a ani si nevychutn\u00e1te ten z\u00e1\u017eitek z filmu, proto\u017ee V\u00e1m to p\u0159es to vedro nejde? To, \u017ee otev\u0159ete okno, V\u00e1m moc nepom\u016f\u017ee, \u017ee? Pokud byste cht\u011bli naj\u00edt \u0159e\u0161en\u00ed, tak na\u0161e \u0159e\u0161en\u00ed se V\u00e1m bude jist\u011b moc l\u00edbit. Stropn\u00ed ventil\u00e1tor od n\u00e1s v\u0161echny probl\u00e9my vy\u0159e\u0161\u00ed a Vy se nebudete muset b\u00e1t, \u017ee byste se nep\u0159\u00edjemn\u011b potili. Takhle si ho jednodu\u0161e zapnete a je to hotov\u00e9. Nejen, \u017ee je velice praktick\u00fd, ale tak\u00e9 je skv\u011bl\u00fdm bytov\u00fdm dopl\u0148kem, kter\u00fd se V\u00e1m bude hodit do Va\u0161eho interi\u00e9ru. Velk\u00fd v\u00fdb\u011br U n\u00e1s si vybere i ten nejn\u00e1ro\u010dn\u011bj\u0161\u00ed z\u00e1kazn\u00edk, to V\u00e1m garantujeme. N\u00e1\u0161 katalog je pln\u00fd kr\u00e1sn\u00fdch model\u016f nejr\u016fzn\u011bj\u0161\u00edch barev a velikost\u00ed a motiv\u016f. Sta\u010d\u00ed si jen vybrat. Pohodln\u011b se usa\u010fte a vyberete si. Pak u\u017e to jen vlo\u017ete do ko\u0161\u00edku, vypl\u0148te dal\u0161\u00ed \u00fadaje, zapla\u0165te a d\u00e1le se o nic starat nemus\u00edte. V\u0161echno je to tak jednoduch\u00e9 a rychl\u00e9 \u017ee nebudete muset nikde ztr\u00e1cet \u010das. Skv\u011bl\u00e9, \u017ee?                                                                                                                                                                                                                                                                                                                                                                                        3.5\/5 - (2 votes)        "},{"@context":"https:\/\/schema.org\/","@type":"BreadcrumbList","itemListElement":[{"@type":"ListItem","position":1,"name":"Kr\u00e1sn\u00fd stropn\u00ed ventil\u00e1tor","item":"https:\/\/www.nadett.cz\/krasny-stropni-ventilator\/#breadcrumbitem"}]}]